{"id":5848,"date":"2025-04-10T08:59:00","date_gmt":"2025-04-10T06:59:00","guid":{"rendered":"https:\/\/www.abcklima.sk\/we-participated-again-career-days-2025-at-stu\/"},"modified":"2026-01-16T18:43:15","modified_gmt":"2026-01-16T17:43:15","slug":"we-participated-again-career-days-2025-at-stu","status":"publish","type":"post","link":"https:\/\/www.abcklima.sk\/en\/we-participated-again-career-days-2025-at-stu\/","title":{"rendered":"We participated again &#8211; Career Days 2025 at STU"},"content":{"rendered":"\n<p>Traditionally, we participate in the Career Days at the Faculty of Civil Engineering in Bratislava, and this year was no different! <strong>ABC KL\u00cdMA<\/strong>, along with our designers <em>Adam \u0160vol\u00edk<\/em> and <em>Filip Z\u00e1horsk\u00fd<\/em>, were part of it. At this excellent event, we once again saw talented and ambitious students who are looking for opportunities to develop their careers. <br\/><br\/>This day is an ideal opportunity for them to meet representatives of leading construction companies and state-owned enterprises, gain useful information about how companies operate in practice, exchange contacts, and thus open up new opportunities for internships, practical training, or even job positions. <br\/><br\/>As this year also showed, Career Days are an exceptional platform for building relationships with future professionals, and for us, it&#8217;s an opportunity not only to present our company but also to gain valuable insights into the needs and expectations of new generations. <\/p>\n\n<p><\/p>\n","protected":false},"excerpt":{"rendered":"<p>Traditionally, we participate in the Career Days at the Faculty of Civil Engineering in Bratislava, and this year was no different! ABC KL\u00cdMA, along with our designers Adam \u0160vol\u00edk and Filip Z\u00e1horsk\u00fd, were part of it. At this excellent event, we once again saw talented and ambitious students who are looking for opportunities to develop [&hellip;]<\/p>\n","protected":false},"author":1,"featured_media":5852,"comment_status":"closed","ping_status":"closed","sticky":false,"template":"","format":"standard","meta":{"footnotes":""},"categories":[25],"tags":[],"class_list":["post-5848","post","type-post","status-publish","format-standard","has-post-thumbnail","hentry","category-our-team"],"yoast_head":"<!-- This site is optimized with the Yoast SEO plugin v26.8 - https:\/\/yoast.com\/product\/yoast-seo-wordpress\/ -->\n<title>We participated again - Career Days 2025 at STU - ABC KL\u00cdMA<\/title>\n<meta name=\"robots\" content=\"index, follow, max-snippet:-1, max-image-preview:large, max-video-preview:-1\" \/>\n<link rel=\"canonical\" href=\"https:\/\/www.abcklima.sk\/en\/we-participated-again-career-days-2025-at-stu\/\" \/>\n<meta property=\"og:locale\" content=\"en_US\" \/>\n<meta property=\"og:type\" content=\"article\" \/>\n<meta property=\"og:title\" content=\"We participated again - Career Days 2025 at STU - ABC KL\u00cdMA\" \/>\n<meta property=\"og:description\" content=\"Traditionally, we participate in the Career Days at the Faculty of Civil Engineering in Bratislava, and this year was no different! ABC KL\u00cdMA, along with our designers Adam \u0160vol\u00edk and Filip Z\u00e1horsk\u00fd, were part of it. At this excellent event, we once again saw talented and ambitious students who are looking for opportunities to develop [&hellip;]\" \/>\n<meta property=\"og:url\" content=\"https:\/\/www.abcklima.sk\/en\/we-participated-again-career-days-2025-at-stu\/\" \/>\n<meta property=\"og:site_name\" content=\"ABC KL\u00cdMA\" \/>\n<meta property=\"article:published_time\" content=\"2025-04-10T06:59:00+00:00\" \/>\n<meta property=\"article:modified_time\" content=\"2026-01-16T17:43:15+00:00\" \/>\n<meta property=\"og:image\" content=\"https:\/\/www.abcklima.sk\/wp-content\/uploads\/2024\/02\/494646755_1264629738996207_2709531147315058748_n.jpg\" \/>\n\t<meta property=\"og:image:width\" content=\"526\" \/>\n\t<meta property=\"og:image:height\" content=\"275\" \/>\n\t<meta property=\"og:image:type\" content=\"image\/jpeg\" \/>\n<meta name=\"author\" content=\"jan@ahojmorse.sk\" \/>\n<meta name=\"twitter:card\" content=\"summary_large_image\" \/>\n<meta name=\"twitter:label1\" content=\"Written by\" \/>\n\t<meta name=\"twitter:data1\" content=\"jan@ahojmorse.sk\" \/>\n\t<meta name=\"twitter:label2\" content=\"Est. reading time\" \/>\n\t<meta name=\"twitter:data2\" content=\"1 minute\" \/>\n<script type=\"application\/ld+json\" class=\"yoast-schema-graph\">{\"@context\":\"https:\/\/schema.org\",\"@graph\":[{\"@type\":\"Article\",\"@id\":\"https:\/\/www.abcklima.sk\/en\/we-participated-again-career-days-2025-at-stu\/#article\",\"isPartOf\":{\"@id\":\"https:\/\/www.abcklima.sk\/en\/we-participated-again-career-days-2025-at-stu\/\"},\"author\":{\"name\":\"jan@ahojmorse.sk\",\"@id\":\"https:\/\/www.abcklima.sk\/en\/#\/schema\/person\/1b45b193616ae7a39ba320320be862f1\"},\"headline\":\"We participated again &#8211; Career Days 2025 at STU\",\"datePublished\":\"2025-04-10T06:59:00+00:00\",\"dateModified\":\"2026-01-16T17:43:15+00:00\",\"mainEntityOfPage\":{\"@id\":\"https:\/\/www.abcklima.sk\/en\/we-participated-again-career-days-2025-at-stu\/\"},\"wordCount\":155,\"publisher\":{\"@id\":\"https:\/\/www.abcklima.sk\/en\/#organization\"},\"image\":{\"@id\":\"https:\/\/www.abcklima.sk\/en\/we-participated-again-career-days-2025-at-stu\/#primaryimage\"},\"thumbnailUrl\":\"https:\/\/www.abcklima.sk\/wp-content\/uploads\/2024\/02\/494646755_1264629738996207_2709531147315058748_n.jpg\",\"articleSection\":[\"Our Team\"],\"inLanguage\":\"en-US\"},{\"@type\":\"WebPage\",\"@id\":\"https:\/\/www.abcklima.sk\/en\/we-participated-again-career-days-2025-at-stu\/\",\"url\":\"https:\/\/www.abcklima.sk\/en\/we-participated-again-career-days-2025-at-stu\/\",\"name\":\"We participated again - Career Days 2025 at STU - ABC KL\u00cdMA\",\"isPartOf\":{\"@id\":\"https:\/\/www.abcklima.sk\/en\/#website\"},\"primaryImageOfPage\":{\"@id\":\"https:\/\/www.abcklima.sk\/en\/we-participated-again-career-days-2025-at-stu\/#primaryimage\"},\"image\":{\"@id\":\"https:\/\/www.abcklima.sk\/en\/we-participated-again-career-days-2025-at-stu\/#primaryimage\"},\"thumbnailUrl\":\"https:\/\/www.abcklima.sk\/wp-content\/uploads\/2024\/02\/494646755_1264629738996207_2709531147315058748_n.jpg\",\"datePublished\":\"2025-04-10T06:59:00+00:00\",\"dateModified\":\"2026-01-16T17:43:15+00:00\",\"breadcrumb\":{\"@id\":\"https:\/\/www.abcklima.sk\/en\/we-participated-again-career-days-2025-at-stu\/#breadcrumb\"},\"inLanguage\":\"en-US\",\"potentialAction\":[{\"@type\":\"ReadAction\",\"target\":[\"https:\/\/www.abcklima.sk\/en\/we-participated-again-career-days-2025-at-stu\/\"]}]},{\"@type\":\"ImageObject\",\"inLanguage\":\"en-US\",\"@id\":\"https:\/\/www.abcklima.sk\/en\/we-participated-again-career-days-2025-at-stu\/#primaryimage\",\"url\":\"https:\/\/www.abcklima.sk\/wp-content\/uploads\/2024\/02\/494646755_1264629738996207_2709531147315058748_n.jpg\",\"contentUrl\":\"https:\/\/www.abcklima.sk\/wp-content\/uploads\/2024\/02\/494646755_1264629738996207_2709531147315058748_n.jpg\",\"width\":526,\"height\":275},{\"@type\":\"BreadcrumbList\",\"@id\":\"https:\/\/www.abcklima.sk\/en\/we-participated-again-career-days-2025-at-stu\/#breadcrumb\",\"itemListElement\":[{\"@type\":\"ListItem\",\"position\":1,\"name\":\"Domovsk\u00e1 str\u00e1nka\",\"item\":\"https:\/\/www.abcklima.sk\/en\/home\/\"},{\"@type\":\"ListItem\",\"position\":2,\"name\":\"We participated again &#8211; Career Days 2025 at STU\"}]},{\"@type\":\"WebSite\",\"@id\":\"https:\/\/www.abcklima.sk\/en\/#website\",\"url\":\"https:\/\/www.abcklima.sk\/en\/\",\"name\":\"ABC KL\u00cdMA s.r.o.\",\"description\":\"www.abcklima.sk\",\"publisher\":{\"@id\":\"https:\/\/www.abcklima.sk\/en\/#organization\"},\"potentialAction\":[{\"@type\":\"SearchAction\",\"target\":{\"@type\":\"EntryPoint\",\"urlTemplate\":\"https:\/\/www.abcklima.sk\/en\/?s={search_term_string}\"},\"query-input\":{\"@type\":\"PropertyValueSpecification\",\"valueRequired\":true,\"valueName\":\"search_term_string\"}}],\"inLanguage\":\"en-US\"},{\"@type\":\"Organization\",\"@id\":\"https:\/\/www.abcklima.sk\/en\/#organization\",\"name\":\"ABC KL\u00cdMA s.r.o.\",\"url\":\"https:\/\/www.abcklima.sk\/en\/\",\"logo\":{\"@type\":\"ImageObject\",\"inLanguage\":\"en-US\",\"@id\":\"https:\/\/www.abcklima.sk\/en\/#\/schema\/logo\/image\/\",\"url\":\"https:\/\/www.abcklima.sk\/wp-content\/uploads\/2023\/11\/ABC-KLIMA-Horisontal-RGB-dark-bgAsset-2-scaled.webp\",\"contentUrl\":\"https:\/\/www.abcklima.sk\/wp-content\/uploads\/2023\/11\/ABC-KLIMA-Horisontal-RGB-dark-bgAsset-2-scaled.webp\",\"width\":2560,\"height\":911,\"caption\":\"ABC KL\u00cdMA s.r.o.\"},\"image\":{\"@id\":\"https:\/\/www.abcklima.sk\/en\/#\/schema\/logo\/image\/\"}},{\"@type\":\"Person\",\"@id\":\"https:\/\/www.abcklima.sk\/en\/#\/schema\/person\/1b45b193616ae7a39ba320320be862f1\",\"name\":\"jan@ahojmorse.sk\",\"image\":{\"@type\":\"ImageObject\",\"inLanguage\":\"en-US\",\"@id\":\"https:\/\/www.abcklima.sk\/en\/#\/schema\/person\/image\/\",\"url\":\"https:\/\/secure.gravatar.com\/avatar\/1c3193aa18472ac80a8d7a66cb4a9135fcb5e60a133ef708a36c8509d621cc7f?s=96&d=mm&r=g\",\"contentUrl\":\"https:\/\/secure.gravatar.com\/avatar\/1c3193aa18472ac80a8d7a66cb4a9135fcb5e60a133ef708a36c8509d621cc7f?s=96&d=mm&r=g\",\"caption\":\"jan@ahojmorse.sk\"},\"sameAs\":[\"https:\/\/www.abcklima.sk\"],\"url\":\"https:\/\/www.abcklima.sk\/en\/author\/janahojmorse-sk\/\"}]}<\/script>\n<!-- \/ Yoast SEO plugin. -->","yoast_head_json":{"title":"We participated again - Career Days 2025 at STU - ABC KL\u00cdMA","robots":{"index":"index","follow":"follow","max-snippet":"max-snippet:-1","max-image-preview":"max-image-preview:large","max-video-preview":"max-video-preview:-1"},"canonical":"https:\/\/www.abcklima.sk\/en\/we-participated-again-career-days-2025-at-stu\/","og_locale":"en_US","og_type":"article","og_title":"We participated again - Career Days 2025 at STU - ABC KL\u00cdMA","og_description":"Traditionally, we participate in the Career Days at the Faculty of Civil Engineering in Bratislava, and this year was no different! ABC KL\u00cdMA, along with our designers Adam \u0160vol\u00edk and Filip Z\u00e1horsk\u00fd, were part of it. At this excellent event, we once again saw talented and ambitious students who are looking for opportunities to develop [&hellip;]","og_url":"https:\/\/www.abcklima.sk\/en\/we-participated-again-career-days-2025-at-stu\/","og_site_name":"ABC KL\u00cdMA","article_published_time":"2025-04-10T06:59:00+00:00","article_modified_time":"2026-01-16T17:43:15+00:00","og_image":[{"width":526,"height":275,"url":"https:\/\/www.abcklima.sk\/wp-content\/uploads\/2024\/02\/494646755_1264629738996207_2709531147315058748_n.jpg","type":"image\/jpeg"}],"author":"jan@ahojmorse.sk","twitter_card":"summary_large_image","twitter_misc":{"Written by":"jan@ahojmorse.sk","Est. reading time":"1 minute"},"schema":{"@context":"https:\/\/schema.org","@graph":[{"@type":"Article","@id":"https:\/\/www.abcklima.sk\/en\/we-participated-again-career-days-2025-at-stu\/#article","isPartOf":{"@id":"https:\/\/www.abcklima.sk\/en\/we-participated-again-career-days-2025-at-stu\/"},"author":{"name":"jan@ahojmorse.sk","@id":"https:\/\/www.abcklima.sk\/en\/#\/schema\/person\/1b45b193616ae7a39ba320320be862f1"},"headline":"We participated again &#8211; Career Days 2025 at STU","datePublished":"2025-04-10T06:59:00+00:00","dateModified":"2026-01-16T17:43:15+00:00","mainEntityOfPage":{"@id":"https:\/\/www.abcklima.sk\/en\/we-participated-again-career-days-2025-at-stu\/"},"wordCount":155,"publisher":{"@id":"https:\/\/www.abcklima.sk\/en\/#organization"},"image":{"@id":"https:\/\/www.abcklima.sk\/en\/we-participated-again-career-days-2025-at-stu\/#primaryimage"},"thumbnailUrl":"https:\/\/www.abcklima.sk\/wp-content\/uploads\/2024\/02\/494646755_1264629738996207_2709531147315058748_n.jpg","articleSection":["Our Team"],"inLanguage":"en-US"},{"@type":"WebPage","@id":"https:\/\/www.abcklima.sk\/en\/we-participated-again-career-days-2025-at-stu\/","url":"https:\/\/www.abcklima.sk\/en\/we-participated-again-career-days-2025-at-stu\/","name":"We participated again - Career Days 2025 at STU - ABC KL\u00cdMA","isPartOf":{"@id":"https:\/\/www.abcklima.sk\/en\/#website"},"primaryImageOfPage":{"@id":"https:\/\/www.abcklima.sk\/en\/we-participated-again-career-days-2025-at-stu\/#primaryimage"},"image":{"@id":"https:\/\/www.abcklima.sk\/en\/we-participated-again-career-days-2025-at-stu\/#primaryimage"},"thumbnailUrl":"https:\/\/www.abcklima.sk\/wp-content\/uploads\/2024\/02\/494646755_1264629738996207_2709531147315058748_n.jpg","datePublished":"2025-04-10T06:59:00+00:00","dateModified":"2026-01-16T17:43:15+00:00","breadcrumb":{"@id":"https:\/\/www.abcklima.sk\/en\/we-participated-again-career-days-2025-at-stu\/#breadcrumb"},"inLanguage":"en-US","potentialAction":[{"@type":"ReadAction","target":["https:\/\/www.abcklima.sk\/en\/we-participated-again-career-days-2025-at-stu\/"]}]},{"@type":"ImageObject","inLanguage":"en-US","@id":"https:\/\/www.abcklima.sk\/en\/we-participated-again-career-days-2025-at-stu\/#primaryimage","url":"https:\/\/www.abcklima.sk\/wp-content\/uploads\/2024\/02\/494646755_1264629738996207_2709531147315058748_n.jpg","contentUrl":"https:\/\/www.abcklima.sk\/wp-content\/uploads\/2024\/02\/494646755_1264629738996207_2709531147315058748_n.jpg","width":526,"height":275},{"@type":"BreadcrumbList","@id":"https:\/\/www.abcklima.sk\/en\/we-participated-again-career-days-2025-at-stu\/#breadcrumb","itemListElement":[{"@type":"ListItem","position":1,"name":"Domovsk\u00e1 str\u00e1nka","item":"https:\/\/www.abcklima.sk\/en\/home\/"},{"@type":"ListItem","position":2,"name":"We participated again &#8211; Career Days 2025 at STU"}]},{"@type":"WebSite","@id":"https:\/\/www.abcklima.sk\/en\/#website","url":"https:\/\/www.abcklima.sk\/en\/","name":"ABC KL\u00cdMA s.r.o.","description":"www.abcklima.sk","publisher":{"@id":"https:\/\/www.abcklima.sk\/en\/#organization"},"potentialAction":[{"@type":"SearchAction","target":{"@type":"EntryPoint","urlTemplate":"https:\/\/www.abcklima.sk\/en\/?s={search_term_string}"},"query-input":{"@type":"PropertyValueSpecification","valueRequired":true,"valueName":"search_term_string"}}],"inLanguage":"en-US"},{"@type":"Organization","@id":"https:\/\/www.abcklima.sk\/en\/#organization","name":"ABC KL\u00cdMA s.r.o.","url":"https:\/\/www.abcklima.sk\/en\/","logo":{"@type":"ImageObject","inLanguage":"en-US","@id":"https:\/\/www.abcklima.sk\/en\/#\/schema\/logo\/image\/","url":"https:\/\/www.abcklima.sk\/wp-content\/uploads\/2023\/11\/ABC-KLIMA-Horisontal-RGB-dark-bgAsset-2-scaled.webp","contentUrl":"https:\/\/www.abcklima.sk\/wp-content\/uploads\/2023\/11\/ABC-KLIMA-Horisontal-RGB-dark-bgAsset-2-scaled.webp","width":2560,"height":911,"caption":"ABC KL\u00cdMA s.r.o."},"image":{"@id":"https:\/\/www.abcklima.sk\/en\/#\/schema\/logo\/image\/"}},{"@type":"Person","@id":"https:\/\/www.abcklima.sk\/en\/#\/schema\/person\/1b45b193616ae7a39ba320320be862f1","name":"jan@ahojmorse.sk","image":{"@type":"ImageObject","inLanguage":"en-US","@id":"https:\/\/www.abcklima.sk\/en\/#\/schema\/person\/image\/","url":"https:\/\/secure.gravatar.com\/avatar\/1c3193aa18472ac80a8d7a66cb4a9135fcb5e60a133ef708a36c8509d621cc7f?s=96&d=mm&r=g","contentUrl":"https:\/\/secure.gravatar.com\/avatar\/1c3193aa18472ac80a8d7a66cb4a9135fcb5e60a133ef708a36c8509d621cc7f?s=96&d=mm&r=g","caption":"jan@ahojmorse.sk"},"sameAs":["https:\/\/www.abcklima.sk"],"url":"https:\/\/www.abcklima.sk\/en\/author\/janahojmorse-sk\/"}]}},"_links":{"self":[{"href":"https:\/\/www.abcklima.sk\/en\/wp-json\/wp\/v2\/posts\/5848","targetHints":{"allow":["GET"]}}],"collection":[{"href":"https:\/\/www.abcklima.sk\/en\/wp-json\/wp\/v2\/posts"}],"about":[{"href":"https:\/\/www.abcklima.sk\/en\/wp-json\/wp\/v2\/types\/post"}],"author":[{"embeddable":true,"href":"https:\/\/www.abcklima.sk\/en\/wp-json\/wp\/v2\/users\/1"}],"replies":[{"embeddable":true,"href":"https:\/\/www.abcklima.sk\/en\/wp-json\/wp\/v2\/comments?post=5848"}],"version-history":[{"count":1,"href":"https:\/\/www.abcklima.sk\/en\/wp-json\/wp\/v2\/posts\/5848\/revisions"}],"predecessor-version":[{"id":5854,"href":"https:\/\/www.abcklima.sk\/en\/wp-json\/wp\/v2\/posts\/5848\/revisions\/5854"}],"wp:featuredmedia":[{"embeddable":true,"href":"https:\/\/www.abcklima.sk\/en\/wp-json\/wp\/v2\/media\/5852"}],"wp:attachment":[{"href":"https:\/\/www.abcklima.sk\/en\/wp-json\/wp\/v2\/media?parent=5848"}],"wp:term":[{"taxonomy":"category","embeddable":true,"href":"https:\/\/www.abcklima.sk\/en\/wp-json\/wp\/v2\/categories?post=5848"},{"taxonomy":"post_tag","embeddable":true,"href":"https:\/\/www.abcklima.sk\/en\/wp-json\/wp\/v2\/tags?post=5848"}],"curies":[{"name":"wp","href":"https:\/\/api.w.org\/{rel}","templated":true}]}}