{"id":7415,"date":"2026-04-28T10:58:35","date_gmt":"2026-04-28T08:58:35","guid":{"rendered":"https:\/\/www.abcklima.sk\/abc-klima-as-part-of-the-award-winning-building-of-the-year-2025-project\/"},"modified":"2026-04-28T11:09:06","modified_gmt":"2026-04-28T09:09:06","slug":"abc-klima-as-part-of-the-award-winning-building-of-the-year-2025-project","status":"publish","type":"post","link":"https:\/\/www.abcklima.sk\/en\/abc-klima-as-part-of-the-award-winning-building-of-the-year-2025-project\/","title":{"rendered":"ABC KL\u00cdMA as part of the award-winning Building of the Year 2025 project"},"content":{"rendered":"\n<p>The idea to modernize the cultural center in Vranov nad Top\u013eou was born from the goal of bringing a high-quality, multifunctional space to the region for the general public. The result is a modern center that serves as a venue for education, community gatherings, and cultural development\u2014for everyone from children to seniors. <\/p>\n\n<p>The project reflected the long-term public need for a space that would connect the library, cultural events, and social life. The ambition of the investor\u2014the Pre\u0161ov Self-Governing Region\u2014was to create an environment meeting current European standards, without compromise, and to bring high-quality architecture even to a smaller town. <\/p>\n\n<p>The modernization included the creation of new spaces for the Upper Zempl\u00edn Library and the Upper Zempl\u00edn Enlightenment Center, as well as facilities for exhibitions, events, and community activities. Emphasis was also placed on functionality and orientation within the building to ensure it is naturally accessible and utilized by visitors. <\/p>\n\n<p>The company <strong>ABC KL\u00cdMA<\/strong> also participated in the implementation of this project, as part of the team behind its successful outcome.<\/p>\n\n<p>The quality and significance of the project are confirmed by its award in the prestigious <strong>Building of the Year 2025<\/strong> competition, where it received the <strong>Ministry of Transport of the Slovak Republic Award<\/strong> for its contribution to society.<\/p>\n\n<p>We are pleased to have been part of a project that has a real impact on the development of cultural and community life in the region.<\/p>\n\n<figure class=\"wp-block-gallery has-nested-images columns-default is-cropped wp-block-gallery-1 is-layout-flex wp-block-gallery-is-layout-flex\">\n<figure class=\"wp-block-image size-large\"><img fetchpriority=\"high\" decoding=\"async\" width=\"1024\" height=\"682\" data-id=\"7413\" src=\"https:\/\/www.abcklima.sk\/wp-content\/uploads\/2026\/04\/Snimka-obrazovky-2026-04-28-090417-1024x682.png\" alt=\"\" class=\"wp-image-7413\" srcset=\"https:\/\/www.abcklima.sk\/wp-content\/uploads\/2026\/04\/Snimka-obrazovky-2026-04-28-090417-1024x682.png 1024w, https:\/\/www.abcklima.sk\/wp-content\/uploads\/2026\/04\/Snimka-obrazovky-2026-04-28-090417-300x200.png 300w, https:\/\/www.abcklima.sk\/wp-content\/uploads\/2026\/04\/Snimka-obrazovky-2026-04-28-090417-768x512.png 768w, https:\/\/www.abcklima.sk\/wp-content\/uploads\/2026\/04\/Snimka-obrazovky-2026-04-28-090417.png 1058w\" sizes=\"(max-width: 1024px) 100vw, 1024px\" \/><\/figure>\n\n\n\n<figure class=\"wp-block-image size-large\"><img decoding=\"async\" width=\"1024\" height=\"687\" data-id=\"7419\" src=\"https:\/\/www.abcklima.sk\/wp-content\/uploads\/2026\/04\/Snimka-obrazovky-2026-04-28-104251-1024x687.png\" alt=\"\" class=\"wp-image-7419\" srcset=\"https:\/\/www.abcklima.sk\/wp-content\/uploads\/2026\/04\/Snimka-obrazovky-2026-04-28-104251-1024x687.png 1024w, https:\/\/www.abcklima.sk\/wp-content\/uploads\/2026\/04\/Snimka-obrazovky-2026-04-28-104251-300x201.png 300w, https:\/\/www.abcklima.sk\/wp-content\/uploads\/2026\/04\/Snimka-obrazovky-2026-04-28-104251-768x515.png 768w, https:\/\/www.abcklima.sk\/wp-content\/uploads\/2026\/04\/Snimka-obrazovky-2026-04-28-104251.png 1062w\" sizes=\"(max-width: 1024px) 100vw, 1024px\" \/><\/figure>\n<\/figure>\n","protected":false},"excerpt":{"rendered":"<p>The idea to modernize the cultural center in Vranov nad Top\u013eou was born from the goal of bringing a high-quality, multifunctional space to the region for the general public. The result is a modern center that serves as a venue for education, community gatherings, and cultural development\u2014for everyone from children to seniors. The project reflected [&hellip;]<\/p>\n","protected":false},"author":8,"featured_media":7416,"comment_status":"closed","ping_status":"closed","sticky":false,"template":"","format":"standard","meta":{"footnotes":""},"categories":[],"tags":[],"class_list":["post-7415","post","type-post","status-publish","format-standard","has-post-thumbnail","hentry"],"yoast_head":"<!-- This site is optimized with the Yoast SEO plugin v26.8 - https:\/\/yoast.com\/product\/yoast-seo-wordpress\/ -->\n<title>ABC KL\u00cdMA as part of the award-winning Building of the Year 2025 project - ABC KL\u00cdMA<\/title>\n<meta name=\"robots\" content=\"index, follow, max-snippet:-1, max-image-preview:large, max-video-preview:-1\" \/>\n<link rel=\"canonical\" href=\"https:\/\/www.abcklima.sk\/en\/abc-klima-as-part-of-the-award-winning-building-of-the-year-2025-project\/\" \/>\n<meta property=\"og:locale\" content=\"en_US\" \/>\n<meta property=\"og:type\" content=\"article\" \/>\n<meta property=\"og:title\" content=\"ABC KL\u00cdMA as part of the award-winning Building of the Year 2025 project - ABC KL\u00cdMA\" \/>\n<meta property=\"og:description\" content=\"The idea to modernize the cultural center in Vranov nad Top\u013eou was born from the goal of bringing a high-quality, multifunctional space to the region for the general public. The result is a modern center that serves as a venue for education, community gatherings, and cultural development\u2014for everyone from children to seniors. The project reflected [&hellip;]\" \/>\n<meta property=\"og:url\" content=\"https:\/\/www.abcklima.sk\/en\/abc-klima-as-part-of-the-award-winning-building-of-the-year-2025-project\/\" \/>\n<meta property=\"og:site_name\" content=\"ABC KL\u00cdMA\" \/>\n<meta property=\"article:published_time\" content=\"2026-04-28T08:58:35+00:00\" \/>\n<meta property=\"article:modified_time\" content=\"2026-04-28T09:09:06+00:00\" \/>\n<meta property=\"og:image\" content=\"https:\/\/www.abcklima.sk\/wp-content\/uploads\/2026\/04\/Snimka-obrazovky-2026-04-28-090343.png\" \/>\n\t<meta property=\"og:image:width\" content=\"1072\" \/>\n\t<meta property=\"og:image:height\" content=\"712\" \/>\n\t<meta property=\"og:image:type\" content=\"image\/png\" \/>\n<meta name=\"author\" content=\"veronika.kalinova@pmservices.sk\" \/>\n<meta name=\"twitter:card\" content=\"summary_large_image\" \/>\n<meta name=\"twitter:label1\" content=\"Written by\" \/>\n\t<meta name=\"twitter:data1\" content=\"veronika.kalinova@pmservices.sk\" \/>\n\t<meta name=\"twitter:label2\" content=\"Est. reading time\" \/>\n\t<meta name=\"twitter:data2\" content=\"1 minute\" \/>\n<script type=\"application\/ld+json\" class=\"yoast-schema-graph\">{\"@context\":\"https:\/\/schema.org\",\"@graph\":[{\"@type\":\"Article\",\"@id\":\"https:\/\/www.abcklima.sk\/en\/abc-klima-as-part-of-the-award-winning-building-of-the-year-2025-project\/#article\",\"isPartOf\":{\"@id\":\"https:\/\/www.abcklima.sk\/en\/abc-klima-as-part-of-the-award-winning-building-of-the-year-2025-project\/\"},\"author\":{\"name\":\"veronika.kalinova@pmservices.sk\",\"@id\":\"https:\/\/www.abcklima.sk\/en\/#\/schema\/person\/8487ee9678eae93f98511a85d696ec06\"},\"headline\":\"ABC KL\u00cdMA as part of the award-winning Building of the Year 2025 project\",\"datePublished\":\"2026-04-28T08:58:35+00:00\",\"dateModified\":\"2026-04-28T09:09:06+00:00\",\"mainEntityOfPage\":{\"@id\":\"https:\/\/www.abcklima.sk\/en\/abc-klima-as-part-of-the-award-winning-building-of-the-year-2025-project\/\"},\"wordCount\":255,\"publisher\":{\"@id\":\"https:\/\/www.abcklima.sk\/en\/#organization\"},\"image\":{\"@id\":\"https:\/\/www.abcklima.sk\/en\/abc-klima-as-part-of-the-award-winning-building-of-the-year-2025-project\/#primaryimage\"},\"thumbnailUrl\":\"https:\/\/www.abcklima.sk\/wp-content\/uploads\/2026\/04\/Snimka-obrazovky-2026-04-28-090343.png\",\"inLanguage\":\"en-US\"},{\"@type\":\"WebPage\",\"@id\":\"https:\/\/www.abcklima.sk\/en\/abc-klima-as-part-of-the-award-winning-building-of-the-year-2025-project\/\",\"url\":\"https:\/\/www.abcklima.sk\/en\/abc-klima-as-part-of-the-award-winning-building-of-the-year-2025-project\/\",\"name\":\"ABC KL\u00cdMA as part of the award-winning Building of the Year 2025 project - ABC KL\u00cdMA\",\"isPartOf\":{\"@id\":\"https:\/\/www.abcklima.sk\/en\/#website\"},\"primaryImageOfPage\":{\"@id\":\"https:\/\/www.abcklima.sk\/en\/abc-klima-as-part-of-the-award-winning-building-of-the-year-2025-project\/#primaryimage\"},\"image\":{\"@id\":\"https:\/\/www.abcklima.sk\/en\/abc-klima-as-part-of-the-award-winning-building-of-the-year-2025-project\/#primaryimage\"},\"thumbnailUrl\":\"https:\/\/www.abcklima.sk\/wp-content\/uploads\/2026\/04\/Snimka-obrazovky-2026-04-28-090343.png\",\"datePublished\":\"2026-04-28T08:58:35+00:00\",\"dateModified\":\"2026-04-28T09:09:06+00:00\",\"breadcrumb\":{\"@id\":\"https:\/\/www.abcklima.sk\/en\/abc-klima-as-part-of-the-award-winning-building-of-the-year-2025-project\/#breadcrumb\"},\"inLanguage\":\"en-US\",\"potentialAction\":[{\"@type\":\"ReadAction\",\"target\":[\"https:\/\/www.abcklima.sk\/en\/abc-klima-as-part-of-the-award-winning-building-of-the-year-2025-project\/\"]}]},{\"@type\":\"ImageObject\",\"inLanguage\":\"en-US\",\"@id\":\"https:\/\/www.abcklima.sk\/en\/abc-klima-as-part-of-the-award-winning-building-of-the-year-2025-project\/#primaryimage\",\"url\":\"https:\/\/www.abcklima.sk\/wp-content\/uploads\/2026\/04\/Snimka-obrazovky-2026-04-28-090343.png\",\"contentUrl\":\"https:\/\/www.abcklima.sk\/wp-content\/uploads\/2026\/04\/Snimka-obrazovky-2026-04-28-090343.png\",\"width\":1072,\"height\":712},{\"@type\":\"BreadcrumbList\",\"@id\":\"https:\/\/www.abcklima.sk\/en\/abc-klima-as-part-of-the-award-winning-building-of-the-year-2025-project\/#breadcrumb\",\"itemListElement\":[{\"@type\":\"ListItem\",\"position\":1,\"name\":\"Domovsk\u00e1 str\u00e1nka\",\"item\":\"https:\/\/www.abcklima.sk\/en\/home\/\"},{\"@type\":\"ListItem\",\"position\":2,\"name\":\"ABC KL\u00cdMA as part of the award-winning Building of the Year 2025 project\"}]},{\"@type\":\"WebSite\",\"@id\":\"https:\/\/www.abcklima.sk\/en\/#website\",\"url\":\"https:\/\/www.abcklima.sk\/en\/\",\"name\":\"ABC KL\u00cdMA s.r.o.\",\"description\":\"www.abcklima.sk\",\"publisher\":{\"@id\":\"https:\/\/www.abcklima.sk\/en\/#organization\"},\"potentialAction\":[{\"@type\":\"SearchAction\",\"target\":{\"@type\":\"EntryPoint\",\"urlTemplate\":\"https:\/\/www.abcklima.sk\/en\/?s={search_term_string}\"},\"query-input\":{\"@type\":\"PropertyValueSpecification\",\"valueRequired\":true,\"valueName\":\"search_term_string\"}}],\"inLanguage\":\"en-US\"},{\"@type\":\"Organization\",\"@id\":\"https:\/\/www.abcklima.sk\/en\/#organization\",\"name\":\"ABC KL\u00cdMA s.r.o.\",\"url\":\"https:\/\/www.abcklima.sk\/en\/\",\"logo\":{\"@type\":\"ImageObject\",\"inLanguage\":\"en-US\",\"@id\":\"https:\/\/www.abcklima.sk\/en\/#\/schema\/logo\/image\/\",\"url\":\"https:\/\/www.abcklima.sk\/wp-content\/uploads\/2023\/11\/ABC-KLIMA-Horisontal-RGB-dark-bgAsset-2-scaled.webp\",\"contentUrl\":\"https:\/\/www.abcklima.sk\/wp-content\/uploads\/2023\/11\/ABC-KLIMA-Horisontal-RGB-dark-bgAsset-2-scaled.webp\",\"width\":2560,\"height\":911,\"caption\":\"ABC KL\u00cdMA s.r.o.\"},\"image\":{\"@id\":\"https:\/\/www.abcklima.sk\/en\/#\/schema\/logo\/image\/\"}},{\"@type\":\"Person\",\"@id\":\"https:\/\/www.abcklima.sk\/en\/#\/schema\/person\/8487ee9678eae93f98511a85d696ec06\",\"name\":\"veronika.kalinova@pmservices.sk\",\"image\":{\"@type\":\"ImageObject\",\"inLanguage\":\"en-US\",\"@id\":\"https:\/\/www.abcklima.sk\/en\/#\/schema\/person\/image\/\",\"url\":\"https:\/\/secure.gravatar.com\/avatar\/07c3ea7a8c0ce3834a8e6abe011c1481b497de0511990db8decd13ea6967a48b?s=96&d=mm&r=g\",\"contentUrl\":\"https:\/\/secure.gravatar.com\/avatar\/07c3ea7a8c0ce3834a8e6abe011c1481b497de0511990db8decd13ea6967a48b?s=96&d=mm&r=g\",\"caption\":\"veronika.kalinova@pmservices.sk\"},\"url\":\"https:\/\/www.abcklima.sk\/en\/author\/veronika-kalinovapmservices-sk\/\"}]}<\/script>\n<!-- \/ Yoast SEO plugin. -->","yoast_head_json":{"title":"ABC KL\u00cdMA as part of the award-winning Building of the Year 2025 project - ABC KL\u00cdMA","robots":{"index":"index","follow":"follow","max-snippet":"max-snippet:-1","max-image-preview":"max-image-preview:large","max-video-preview":"max-video-preview:-1"},"canonical":"https:\/\/www.abcklima.sk\/en\/abc-klima-as-part-of-the-award-winning-building-of-the-year-2025-project\/","og_locale":"en_US","og_type":"article","og_title":"ABC KL\u00cdMA as part of the award-winning Building of the Year 2025 project - ABC KL\u00cdMA","og_description":"The idea to modernize the cultural center in Vranov nad Top\u013eou was born from the goal of bringing a high-quality, multifunctional space to the region for the general public. The result is a modern center that serves as a venue for education, community gatherings, and cultural development\u2014for everyone from children to seniors. The project reflected [&hellip;]","og_url":"https:\/\/www.abcklima.sk\/en\/abc-klima-as-part-of-the-award-winning-building-of-the-year-2025-project\/","og_site_name":"ABC KL\u00cdMA","article_published_time":"2026-04-28T08:58:35+00:00","article_modified_time":"2026-04-28T09:09:06+00:00","og_image":[{"width":1072,"height":712,"url":"https:\/\/www.abcklima.sk\/wp-content\/uploads\/2026\/04\/Snimka-obrazovky-2026-04-28-090343.png","type":"image\/png"}],"author":"veronika.kalinova@pmservices.sk","twitter_card":"summary_large_image","twitter_misc":{"Written by":"veronika.kalinova@pmservices.sk","Est. reading time":"1 minute"},"schema":{"@context":"https:\/\/schema.org","@graph":[{"@type":"Article","@id":"https:\/\/www.abcklima.sk\/en\/abc-klima-as-part-of-the-award-winning-building-of-the-year-2025-project\/#article","isPartOf":{"@id":"https:\/\/www.abcklima.sk\/en\/abc-klima-as-part-of-the-award-winning-building-of-the-year-2025-project\/"},"author":{"name":"veronika.kalinova@pmservices.sk","@id":"https:\/\/www.abcklima.sk\/en\/#\/schema\/person\/8487ee9678eae93f98511a85d696ec06"},"headline":"ABC KL\u00cdMA as part of the award-winning Building of the Year 2025 project","datePublished":"2026-04-28T08:58:35+00:00","dateModified":"2026-04-28T09:09:06+00:00","mainEntityOfPage":{"@id":"https:\/\/www.abcklima.sk\/en\/abc-klima-as-part-of-the-award-winning-building-of-the-year-2025-project\/"},"wordCount":255,"publisher":{"@id":"https:\/\/www.abcklima.sk\/en\/#organization"},"image":{"@id":"https:\/\/www.abcklima.sk\/en\/abc-klima-as-part-of-the-award-winning-building-of-the-year-2025-project\/#primaryimage"},"thumbnailUrl":"https:\/\/www.abcklima.sk\/wp-content\/uploads\/2026\/04\/Snimka-obrazovky-2026-04-28-090343.png","inLanguage":"en-US"},{"@type":"WebPage","@id":"https:\/\/www.abcklima.sk\/en\/abc-klima-as-part-of-the-award-winning-building-of-the-year-2025-project\/","url":"https:\/\/www.abcklima.sk\/en\/abc-klima-as-part-of-the-award-winning-building-of-the-year-2025-project\/","name":"ABC KL\u00cdMA as part of the award-winning Building of the Year 2025 project - ABC KL\u00cdMA","isPartOf":{"@id":"https:\/\/www.abcklima.sk\/en\/#website"},"primaryImageOfPage":{"@id":"https:\/\/www.abcklima.sk\/en\/abc-klima-as-part-of-the-award-winning-building-of-the-year-2025-project\/#primaryimage"},"image":{"@id":"https:\/\/www.abcklima.sk\/en\/abc-klima-as-part-of-the-award-winning-building-of-the-year-2025-project\/#primaryimage"},"thumbnailUrl":"https:\/\/www.abcklima.sk\/wp-content\/uploads\/2026\/04\/Snimka-obrazovky-2026-04-28-090343.png","datePublished":"2026-04-28T08:58:35+00:00","dateModified":"2026-04-28T09:09:06+00:00","breadcrumb":{"@id":"https:\/\/www.abcklima.sk\/en\/abc-klima-as-part-of-the-award-winning-building-of-the-year-2025-project\/#breadcrumb"},"inLanguage":"en-US","potentialAction":[{"@type":"ReadAction","target":["https:\/\/www.abcklima.sk\/en\/abc-klima-as-part-of-the-award-winning-building-of-the-year-2025-project\/"]}]},{"@type":"ImageObject","inLanguage":"en-US","@id":"https:\/\/www.abcklima.sk\/en\/abc-klima-as-part-of-the-award-winning-building-of-the-year-2025-project\/#primaryimage","url":"https:\/\/www.abcklima.sk\/wp-content\/uploads\/2026\/04\/Snimka-obrazovky-2026-04-28-090343.png","contentUrl":"https:\/\/www.abcklima.sk\/wp-content\/uploads\/2026\/04\/Snimka-obrazovky-2026-04-28-090343.png","width":1072,"height":712},{"@type":"BreadcrumbList","@id":"https:\/\/www.abcklima.sk\/en\/abc-klima-as-part-of-the-award-winning-building-of-the-year-2025-project\/#breadcrumb","itemListElement":[{"@type":"ListItem","position":1,"name":"Domovsk\u00e1 str\u00e1nka","item":"https:\/\/www.abcklima.sk\/en\/home\/"},{"@type":"ListItem","position":2,"name":"ABC KL\u00cdMA as part of the award-winning Building of the Year 2025 project"}]},{"@type":"WebSite","@id":"https:\/\/www.abcklima.sk\/en\/#website","url":"https:\/\/www.abcklima.sk\/en\/","name":"ABC KL\u00cdMA s.r.o.","description":"www.abcklima.sk","publisher":{"@id":"https:\/\/www.abcklima.sk\/en\/#organization"},"potentialAction":[{"@type":"SearchAction","target":{"@type":"EntryPoint","urlTemplate":"https:\/\/www.abcklima.sk\/en\/?s={search_term_string}"},"query-input":{"@type":"PropertyValueSpecification","valueRequired":true,"valueName":"search_term_string"}}],"inLanguage":"en-US"},{"@type":"Organization","@id":"https:\/\/www.abcklima.sk\/en\/#organization","name":"ABC KL\u00cdMA s.r.o.","url":"https:\/\/www.abcklima.sk\/en\/","logo":{"@type":"ImageObject","inLanguage":"en-US","@id":"https:\/\/www.abcklima.sk\/en\/#\/schema\/logo\/image\/","url":"https:\/\/www.abcklima.sk\/wp-content\/uploads\/2023\/11\/ABC-KLIMA-Horisontal-RGB-dark-bgAsset-2-scaled.webp","contentUrl":"https:\/\/www.abcklima.sk\/wp-content\/uploads\/2023\/11\/ABC-KLIMA-Horisontal-RGB-dark-bgAsset-2-scaled.webp","width":2560,"height":911,"caption":"ABC KL\u00cdMA s.r.o."},"image":{"@id":"https:\/\/www.abcklima.sk\/en\/#\/schema\/logo\/image\/"}},{"@type":"Person","@id":"https:\/\/www.abcklima.sk\/en\/#\/schema\/person\/8487ee9678eae93f98511a85d696ec06","name":"veronika.kalinova@pmservices.sk","image":{"@type":"ImageObject","inLanguage":"en-US","@id":"https:\/\/www.abcklima.sk\/en\/#\/schema\/person\/image\/","url":"https:\/\/secure.gravatar.com\/avatar\/07c3ea7a8c0ce3834a8e6abe011c1481b497de0511990db8decd13ea6967a48b?s=96&d=mm&r=g","contentUrl":"https:\/\/secure.gravatar.com\/avatar\/07c3ea7a8c0ce3834a8e6abe011c1481b497de0511990db8decd13ea6967a48b?s=96&d=mm&r=g","caption":"veronika.kalinova@pmservices.sk"},"url":"https:\/\/www.abcklima.sk\/en\/author\/veronika-kalinovapmservices-sk\/"}]}},"_links":{"self":[{"href":"https:\/\/www.abcklima.sk\/en\/wp-json\/wp\/v2\/posts\/7415","targetHints":{"allow":["GET"]}}],"collection":[{"href":"https:\/\/www.abcklima.sk\/en\/wp-json\/wp\/v2\/posts"}],"about":[{"href":"https:\/\/www.abcklima.sk\/en\/wp-json\/wp\/v2\/types\/post"}],"author":[{"embeddable":true,"href":"https:\/\/www.abcklima.sk\/en\/wp-json\/wp\/v2\/users\/8"}],"replies":[{"embeddable":true,"href":"https:\/\/www.abcklima.sk\/en\/wp-json\/wp\/v2\/comments?post=7415"}],"version-history":[{"count":2,"href":"https:\/\/www.abcklima.sk\/en\/wp-json\/wp\/v2\/posts\/7415\/revisions"}],"predecessor-version":[{"id":7421,"href":"https:\/\/www.abcklima.sk\/en\/wp-json\/wp\/v2\/posts\/7415\/revisions\/7421"}],"wp:featuredmedia":[{"embeddable":true,"href":"https:\/\/www.abcklima.sk\/en\/wp-json\/wp\/v2\/media\/7416"}],"wp:attachment":[{"href":"https:\/\/www.abcklima.sk\/en\/wp-json\/wp\/v2\/media?parent=7415"}],"wp:term":[{"taxonomy":"category","embeddable":true,"href":"https:\/\/www.abcklima.sk\/en\/wp-json\/wp\/v2\/categories?post=7415"},{"taxonomy":"post_tag","embeddable":true,"href":"https:\/\/www.abcklima.sk\/en\/wp-json\/wp\/v2\/tags?post=7415"}],"curies":[{"name":"wp","href":"https:\/\/api.w.org\/{rel}","templated":true}]}}